{"id":195,"date":"2016-07-01T10:00:47","date_gmt":"2016-07-01T10:00:47","guid":{"rendered":"http:\/\/www.urbagrass.es\/blog\/?p=195"},"modified":"2016-06-30T13:25:54","modified_gmt":"2016-06-30T13:25:54","slug":"la-torre-eiffel-se-une-a-la-moda-de-terrazas-con-cesped","status":"publish","type":"post","link":"https:\/\/www.urbagrass.es\/blog\/la-torre-eiffel-se-une-a-la-moda-de-terrazas-con-cesped\/","title":{"rendered":"La Torre Eiffel se une a la moda de terrazas con c\u00e9sped"},"content":{"rendered":"<p style=\"text-align: justify;\">Las terrazas con <a href=\"http:\/\/www.urbagrass.es\/comprar-cesped-artificial-por-metros\/19-cesped-artificial-paris-98.html\"><strong>c\u00e9sped artificial<\/strong><\/a> est\u00e1n de moda y una prueba de ello es que uno de los monumentos m\u00e1s visitados del mundo, la famosa Torre Eiffel en Par\u00eds, va a inaugurar una de estas <strong>terrazas con c\u00e9sped<\/strong> para este verano 2016.<\/p>\n<p style=\"text-align: justify;\">Los visitantes que acudan a visitar la torre podr\u00e1n hacer una parada en esta terraza y disfrutar no solo de una de las vistas m\u00e1s impresionantes de la ciudad de Paris, tambi\u00e9n de grandes maceteros en los que se podr\u00e1 encontrar hiedra o romero entre otras plantas arom\u00e1ticas.<\/p>\n<p style=\"text-align: justify;\">\u00bfSer\u00e1 que los dise\u00f1adores de espacios de la Torre Eiffel siguen nuestro blog en el que hemos recomendado muchas veces la combinaci\u00f3n de c\u00e9sped artificial con plantas naturales? Bueno, bromas aparte sabemos que la idea no es nuestra, pero hemos apostado por ella y nos gusta ver que tiene \u00e9xito.<\/p>\n<p style=\"text-align: justify;\">Si vas a visitar Par\u00eds y su famosa torre, podr\u00e1s disfrutar de una de las mejores terrazas con c\u00e9sped del mundo entre las nueve de la ma\u00f1ana y las once de la noche.<\/p>\n<h2 style=\"text-align: justify;\">Una terraza con c\u00e9sped en tu casa<\/h2>\n<p style=\"text-align: justify;\">No olvides que no necesitas ir a Par\u00eds para disfrutar de una preciosa <strong>terraza con c\u00e9sped<\/strong>. Puedes tenerla en tu casa por muy poco dinero y conseguir un efecto muy natural, sobre todo combin\u00e1ndolo con plantas arom\u00e1ticas como han hecho nuestros vecinos franceses.<\/p>\n<p style=\"text-align: justify;\">Quiz\u00e1s en tu terraza no haya sitio para los grandes macetones que ellos han instalado, pero s\u00ed para poner algunas macetas colgando de la pared, lo que tambi\u00e9n contribuir\u00e1 a crear un ambiente mucho m\u00e1s natural y m\u00e1s agradable.<\/p>\n<p style=\"text-align: justify;\">Si adem\u00e1s optas por plantas arom\u00e1ticas para la cocina, podr\u00e1s utilizarlas cada vez que lo necesites sin necesidad de acudir a comprarlas y teni\u00e9ndolas siempre frescas y muy a mano.<\/p>\n<h2 style=\"text-align: justify;\">Terrazas con c\u00e9sped peque\u00f1as<\/h2>\n<p style=\"text-align: justify;\">Las <strong>terrazas con c\u00e9sped<\/strong> son una buena opci\u00f3n incluso si se trata tan solo de un peque\u00f1o balc\u00f3n. Este tipo de espacios son muy desaprovechados y d\u00e1ndoles este aire de peque\u00f1o rinc\u00f3n natural, pueden ser utilizados para sentarse a leer y relajarse o como lugar de esparcimiento y juego para los ni\u00f1os, que disfrutar\u00e1n de la moqueta blandita y acolchada.<\/p>\n<p style=\"text-align: justify;\">El<a href=\"http:\/\/www.urbagrass.es\/comprar-cesped-artificial-por-metros\/152-cesped-artificial-praga-100.html\"><strong> c\u00e9sped artificial<\/strong><\/a> tiene muchas opciones para el hogar, no solo para el jard\u00edn, y gracias a sus precios econ\u00f3micos est\u00e1 al alcance de todos permitirnos este peque\u00f1o lujo que enriquecer\u00e1 el espacio de nuestra terraza.<\/p>\n","protected":false},"excerpt":{"rendered":"<p>Las terrazas con c\u00e9sped artificial est\u00e1n de moda y una prueba de ello es que uno de los monumentos m\u00e1s visitados del mundo, la famosa Torre Eiffel en Par\u00eds, va a inaugurar una de estas terrazas con c\u00e9sped para este verano 2016. Los visitantes que acudan a visitar la torre podr\u00e1n hacer una parada en [&hellip;]<\/p>\n","protected":false},"author":2,"featured_media":197,"comment_status":"open","ping_status":"closed","sticky":false,"template":"","format":"standard","meta":{"footnotes":""},"categories":[2,5,1],"tags":[6,65],"class_list":["post-195","post","type-post","status-publish","format-standard","has-post-thumbnail","hentry","category-cesped-artificial","category-jardineria","category-sin-categoria","tag-cesped-artificial","tag-terraza-con-cesped"],"yoast_head":"<!-- This site is optimized with the Yoast SEO plugin v24.9 - https:\/\/yoast.com\/wordpress\/plugins\/seo\/ -->\n<title>La Torre Eiffel se une a la moda de terrazas con c\u00e9sped | Blog de C\u00e9sped Artificial | Urbagrass<\/title>\n<meta name=\"robots\" content=\"index, follow, max-snippet:-1, max-image-preview:large, max-video-preview:-1\" \/>\n<link rel=\"canonical\" href=\"https:\/\/www.urbagrass.es\/blog\/la-torre-eiffel-se-une-a-la-moda-de-terrazas-con-cesped\/\" \/>\n<meta property=\"og:locale\" content=\"es_ES\" \/>\n<meta property=\"og:type\" content=\"article\" \/>\n<meta property=\"og:title\" content=\"La Torre Eiffel se une a la moda de terrazas con c\u00e9sped | Blog de C\u00e9sped Artificial | Urbagrass\" \/>\n<meta property=\"og:description\" content=\"Las terrazas con c\u00e9sped artificial est\u00e1n de moda y una prueba de ello es que uno de los monumentos m\u00e1s visitados del mundo, la famosa Torre Eiffel en Par\u00eds, va a inaugurar una de estas terrazas con c\u00e9sped para este verano 2016. Los visitantes que acudan a visitar la torre podr\u00e1n hacer una parada en [&hellip;]\" \/>\n<meta property=\"og:url\" content=\"https:\/\/www.urbagrass.es\/blog\/la-torre-eiffel-se-une-a-la-moda-de-terrazas-con-cesped\/\" \/>\n<meta property=\"og:site_name\" content=\"Blog de C\u00e9sped Artificial | Urbagrass\" \/>\n<meta property=\"article:published_time\" content=\"2016-07-01T10:00:47+00:00\" \/>\n<meta property=\"og:image\" content=\"https:\/\/www.urbagrass.es\/blog\/wp-content\/uploads\/2016\/07\/Terraza-verde-veraniega-Torre-Eiffel.png\" \/>\n\t<meta property=\"og:image:width\" content=\"591\" \/>\n\t<meta property=\"og:image:height\" content=\"394\" \/>\n\t<meta property=\"og:image:type\" content=\"image\/png\" \/>\n<meta name=\"author\" content=\"queli\" \/>\n<meta name=\"twitter:card\" content=\"summary_large_image\" \/>\n<meta name=\"twitter:label1\" content=\"Escrito por\" \/>\n\t<meta name=\"twitter:data1\" content=\"queli\" \/>\n\t<meta name=\"twitter:label2\" content=\"Tiempo de lectura\" \/>\n\t<meta name=\"twitter:data2\" content=\"2 minutos\" \/>\n<script type=\"application\/ld+json\" class=\"yoast-schema-graph\">{\"@context\":\"https:\/\/schema.org\",\"@graph\":[{\"@type\":\"WebPage\",\"@id\":\"https:\/\/www.urbagrass.es\/blog\/la-torre-eiffel-se-une-a-la-moda-de-terrazas-con-cesped\/\",\"url\":\"https:\/\/www.urbagrass.es\/blog\/la-torre-eiffel-se-une-a-la-moda-de-terrazas-con-cesped\/\",\"name\":\"La Torre Eiffel se une a la moda de terrazas con c\u00e9sped | Blog de C\u00e9sped Artificial | Urbagrass\",\"isPartOf\":{\"@id\":\"https:\/\/www.urbagrass.es\/blog\/#website\"},\"primaryImageOfPage\":{\"@id\":\"https:\/\/www.urbagrass.es\/blog\/la-torre-eiffel-se-une-a-la-moda-de-terrazas-con-cesped\/#primaryimage\"},\"image\":{\"@id\":\"https:\/\/www.urbagrass.es\/blog\/la-torre-eiffel-se-une-a-la-moda-de-terrazas-con-cesped\/#primaryimage\"},\"thumbnailUrl\":\"https:\/\/www.urbagrass.es\/blog\/wp-content\/uploads\/2016\/07\/Terraza-verde-veraniega-Torre-Eiffel.png\",\"datePublished\":\"2016-07-01T10:00:47+00:00\",\"author\":{\"@id\":\"https:\/\/www.urbagrass.es\/blog\/#\/schema\/person\/abc335b2cb7bd970d37455f535fba7ab\"},\"breadcrumb\":{\"@id\":\"https:\/\/www.urbagrass.es\/blog\/la-torre-eiffel-se-une-a-la-moda-de-terrazas-con-cesped\/#breadcrumb\"},\"inLanguage\":\"es\",\"potentialAction\":[{\"@type\":\"ReadAction\",\"target\":[\"https:\/\/www.urbagrass.es\/blog\/la-torre-eiffel-se-une-a-la-moda-de-terrazas-con-cesped\/\"]}]},{\"@type\":\"ImageObject\",\"inLanguage\":\"es\",\"@id\":\"https:\/\/www.urbagrass.es\/blog\/la-torre-eiffel-se-une-a-la-moda-de-terrazas-con-cesped\/#primaryimage\",\"url\":\"https:\/\/www.urbagrass.es\/blog\/wp-content\/uploads\/2016\/07\/Terraza-verde-veraniega-Torre-Eiffel.png\",\"contentUrl\":\"https:\/\/www.urbagrass.es\/blog\/wp-content\/uploads\/2016\/07\/Terraza-verde-veraniega-Torre-Eiffel.png\",\"width\":591,\"height\":394,\"caption\":\"terrazas con c\u00e9sped\"},{\"@type\":\"BreadcrumbList\",\"@id\":\"https:\/\/www.urbagrass.es\/blog\/la-torre-eiffel-se-une-a-la-moda-de-terrazas-con-cesped\/#breadcrumb\",\"itemListElement\":[{\"@type\":\"ListItem\",\"position\":1,\"name\":\"Portada\",\"item\":\"https:\/\/www.urbagrass.es\/blog\/\"},{\"@type\":\"ListItem\",\"position\":2,\"name\":\"La Torre Eiffel se une a la moda de terrazas con c\u00e9sped\"}]},{\"@type\":\"WebSite\",\"@id\":\"https:\/\/www.urbagrass.es\/blog\/#website\",\"url\":\"https:\/\/www.urbagrass.es\/blog\/\",\"name\":\"Blog de C\u00e9sped Artificial | Urbagrass\",\"description\":\"\",\"potentialAction\":[{\"@type\":\"SearchAction\",\"target\":{\"@type\":\"EntryPoint\",\"urlTemplate\":\"https:\/\/www.urbagrass.es\/blog\/?s={search_term_string}\"},\"query-input\":{\"@type\":\"PropertyValueSpecification\",\"valueRequired\":true,\"valueName\":\"search_term_string\"}}],\"inLanguage\":\"es\"},{\"@type\":\"Person\",\"@id\":\"https:\/\/www.urbagrass.es\/blog\/#\/schema\/person\/abc335b2cb7bd970d37455f535fba7ab\",\"name\":\"queli\",\"image\":{\"@type\":\"ImageObject\",\"inLanguage\":\"es\",\"@id\":\"https:\/\/www.urbagrass.es\/blog\/#\/schema\/person\/image\/\",\"url\":\"https:\/\/secure.gravatar.com\/avatar\/6cf416338649bd50f3224753d659b9265d777b008f154a8c5586fea384af6577?s=96&d=mm&r=g\",\"contentUrl\":\"https:\/\/secure.gravatar.com\/avatar\/6cf416338649bd50f3224753d659b9265d777b008f154a8c5586fea384af6577?s=96&d=mm&r=g\",\"caption\":\"queli\"}}]}<\/script>\n<!-- \/ Yoast SEO plugin. -->","yoast_head_json":{"title":"La Torre Eiffel se une a la moda de terrazas con c\u00e9sped | Blog de C\u00e9sped Artificial | Urbagrass","robots":{"index":"index","follow":"follow","max-snippet":"max-snippet:-1","max-image-preview":"max-image-preview:large","max-video-preview":"max-video-preview:-1"},"canonical":"https:\/\/www.urbagrass.es\/blog\/la-torre-eiffel-se-une-a-la-moda-de-terrazas-con-cesped\/","og_locale":"es_ES","og_type":"article","og_title":"La Torre Eiffel se une a la moda de terrazas con c\u00e9sped | Blog de C\u00e9sped Artificial | Urbagrass","og_description":"Las terrazas con c\u00e9sped artificial est\u00e1n de moda y una prueba de ello es que uno de los monumentos m\u00e1s visitados del mundo, la famosa Torre Eiffel en Par\u00eds, va a inaugurar una de estas terrazas con c\u00e9sped para este verano 2016. Los visitantes que acudan a visitar la torre podr\u00e1n hacer una parada en [&hellip;]","og_url":"https:\/\/www.urbagrass.es\/blog\/la-torre-eiffel-se-une-a-la-moda-de-terrazas-con-cesped\/","og_site_name":"Blog de C\u00e9sped Artificial | Urbagrass","article_published_time":"2016-07-01T10:00:47+00:00","og_image":[{"width":591,"height":394,"url":"https:\/\/www.urbagrass.es\/blog\/wp-content\/uploads\/2016\/07\/Terraza-verde-veraniega-Torre-Eiffel.png","type":"image\/png"}],"author":"queli","twitter_card":"summary_large_image","twitter_misc":{"Escrito por":"queli","Tiempo de lectura":"2 minutos"},"schema":{"@context":"https:\/\/schema.org","@graph":[{"@type":"WebPage","@id":"https:\/\/www.urbagrass.es\/blog\/la-torre-eiffel-se-une-a-la-moda-de-terrazas-con-cesped\/","url":"https:\/\/www.urbagrass.es\/blog\/la-torre-eiffel-se-une-a-la-moda-de-terrazas-con-cesped\/","name":"La Torre Eiffel se une a la moda de terrazas con c\u00e9sped | Blog de C\u00e9sped Artificial | Urbagrass","isPartOf":{"@id":"https:\/\/www.urbagrass.es\/blog\/#website"},"primaryImageOfPage":{"@id":"https:\/\/www.urbagrass.es\/blog\/la-torre-eiffel-se-une-a-la-moda-de-terrazas-con-cesped\/#primaryimage"},"image":{"@id":"https:\/\/www.urbagrass.es\/blog\/la-torre-eiffel-se-une-a-la-moda-de-terrazas-con-cesped\/#primaryimage"},"thumbnailUrl":"https:\/\/www.urbagrass.es\/blog\/wp-content\/uploads\/2016\/07\/Terraza-verde-veraniega-Torre-Eiffel.png","datePublished":"2016-07-01T10:00:47+00:00","author":{"@id":"https:\/\/www.urbagrass.es\/blog\/#\/schema\/person\/abc335b2cb7bd970d37455f535fba7ab"},"breadcrumb":{"@id":"https:\/\/www.urbagrass.es\/blog\/la-torre-eiffel-se-une-a-la-moda-de-terrazas-con-cesped\/#breadcrumb"},"inLanguage":"es","potentialAction":[{"@type":"ReadAction","target":["https:\/\/www.urbagrass.es\/blog\/la-torre-eiffel-se-une-a-la-moda-de-terrazas-con-cesped\/"]}]},{"@type":"ImageObject","inLanguage":"es","@id":"https:\/\/www.urbagrass.es\/blog\/la-torre-eiffel-se-une-a-la-moda-de-terrazas-con-cesped\/#primaryimage","url":"https:\/\/www.urbagrass.es\/blog\/wp-content\/uploads\/2016\/07\/Terraza-verde-veraniega-Torre-Eiffel.png","contentUrl":"https:\/\/www.urbagrass.es\/blog\/wp-content\/uploads\/2016\/07\/Terraza-verde-veraniega-Torre-Eiffel.png","width":591,"height":394,"caption":"terrazas con c\u00e9sped"},{"@type":"BreadcrumbList","@id":"https:\/\/www.urbagrass.es\/blog\/la-torre-eiffel-se-une-a-la-moda-de-terrazas-con-cesped\/#breadcrumb","itemListElement":[{"@type":"ListItem","position":1,"name":"Portada","item":"https:\/\/www.urbagrass.es\/blog\/"},{"@type":"ListItem","position":2,"name":"La Torre Eiffel se une a la moda de terrazas con c\u00e9sped"}]},{"@type":"WebSite","@id":"https:\/\/www.urbagrass.es\/blog\/#website","url":"https:\/\/www.urbagrass.es\/blog\/","name":"Blog de C\u00e9sped Artificial | Urbagrass","description":"","potentialAction":[{"@type":"SearchAction","target":{"@type":"EntryPoint","urlTemplate":"https:\/\/www.urbagrass.es\/blog\/?s={search_term_string}"},"query-input":{"@type":"PropertyValueSpecification","valueRequired":true,"valueName":"search_term_string"}}],"inLanguage":"es"},{"@type":"Person","@id":"https:\/\/www.urbagrass.es\/blog\/#\/schema\/person\/abc335b2cb7bd970d37455f535fba7ab","name":"queli","image":{"@type":"ImageObject","inLanguage":"es","@id":"https:\/\/www.urbagrass.es\/blog\/#\/schema\/person\/image\/","url":"https:\/\/secure.gravatar.com\/avatar\/6cf416338649bd50f3224753d659b9265d777b008f154a8c5586fea384af6577?s=96&d=mm&r=g","contentUrl":"https:\/\/secure.gravatar.com\/avatar\/6cf416338649bd50f3224753d659b9265d777b008f154a8c5586fea384af6577?s=96&d=mm&r=g","caption":"queli"}}]}},"_links":{"self":[{"href":"https:\/\/www.urbagrass.es\/blog\/wp-json\/wp\/v2\/posts\/195","targetHints":{"allow":["GET"]}}],"collection":[{"href":"https:\/\/www.urbagrass.es\/blog\/wp-json\/wp\/v2\/posts"}],"about":[{"href":"https:\/\/www.urbagrass.es\/blog\/wp-json\/wp\/v2\/types\/post"}],"author":[{"embeddable":true,"href":"https:\/\/www.urbagrass.es\/blog\/wp-json\/wp\/v2\/users\/2"}],"replies":[{"embeddable":true,"href":"https:\/\/www.urbagrass.es\/blog\/wp-json\/wp\/v2\/comments?post=195"}],"version-history":[{"count":1,"href":"https:\/\/www.urbagrass.es\/blog\/wp-json\/wp\/v2\/posts\/195\/revisions"}],"predecessor-version":[{"id":196,"href":"https:\/\/www.urbagrass.es\/blog\/wp-json\/wp\/v2\/posts\/195\/revisions\/196"}],"wp:featuredmedia":[{"embeddable":true,"href":"https:\/\/www.urbagrass.es\/blog\/wp-json\/wp\/v2\/media\/197"}],"wp:attachment":[{"href":"https:\/\/www.urbagrass.es\/blog\/wp-json\/wp\/v2\/media?parent=195"}],"wp:term":[{"taxonomy":"category","embeddable":true,"href":"https:\/\/www.urbagrass.es\/blog\/wp-json\/wp\/v2\/categories?post=195"},{"taxonomy":"post_tag","embeddable":true,"href":"https:\/\/www.urbagrass.es\/blog\/wp-json\/wp\/v2\/tags?post=195"}],"curies":[{"name":"wp","href":"https:\/\/api.w.org\/{rel}","templated":true}]}}